{"id":27638,"date":"2022-08-18T18:22:51","date_gmt":"2022-08-18T23:22:51","guid":{"rendered":"https:\/\/naranjocapacitaciones.co\/laufamiliar\/jhkl\/?p=27638"},"modified":"2022-08-18T18:24:14","modified_gmt":"2022-08-18T23:24:14","slug":"coeducacion-y-educacion","status":"publish","type":"post","link":"https:\/\/laufamiliar.com\/portal\/coeducacion-y-educacion\/","title":{"rendered":"COEDUCACI\u00d3N Y EDUCACI\u00d3N"},"content":{"rendered":"<p><span style=\"font-weight: 400;\">Antes que nada, es importante conocer qu\u00e9 significa <\/span><span style=\"font-weight: 400;\">educaci\u00f3n<\/span><span style=\"font-weight: 400;\">, Mar\u00eda Gonz\u00e1lez la define como un proceso en el que transmitimos <\/span><span style=\"font-weight: 400;\">costumbres<\/span><span style=\"font-weight: 400;\">, h\u00e1bitos, <\/span><span style=\"font-weight: 400;\">conocimientos<\/span><span style=\"font-weight: 400;\"> y<\/span><span style=\"font-weight: 400;\"> valores<\/span><span style=\"font-weight: 400;\">. En este sentido se educa en un aprendizaje para vivir, por tanto, contribuye al desarrollo de habilidades morales e intelectuales del ser humano para que pueda integrarse y vivir mejor en sociedad.<\/span><\/p>\n<p><span style=\"font-weight: 400;\">Teniendo claro que significa educar, ahora vamos a entender que es coeducar, Blanco afirma que es educar sin diferencia de sexos, teniendo en cuenta la <\/span><span style=\"font-weight: 400;\">libertad<\/span><span style=\"font-weight: 400;\"> y sin poner l\u00edmites en el aprendizaje, es educar fuera del modelo patriarcal dominante en nuestra sociedad, lo que significa que la formaci\u00f3n se dar\u00e1 en condiciones de <\/span><span style=\"font-weight: 400;\">igualdad <\/span><span style=\"font-weight: 400;\">para hombres y mujeres, este modelo de educaci\u00f3n busca construir una sociedad con <\/span><span style=\"font-weight: 400;\">justicia<\/span><span style=\"font-weight: 400;\"> y <\/span><span style=\"font-weight: 400;\">equidad<\/span><span style=\"font-weight: 400;\">, intentando disminuir estereotipos o prejuicios de g\u00e9nero y los \u00edndices de<\/span><span style=\"font-weight: 400;\"> discriminaci\u00f3n<\/span><span style=\"font-weight: 400;\">.<\/span><\/p>\n<p><span style=\"font-weight: 400;\">Es importante entender que para lograr los objetivos de la coeducaci\u00f3n,\u00a0 debemos implementar acciones tanto en casa, como en el colegio para garantizar un cambio de pensamiento a largo plazo, adoptando valores y costumbres para que el compromiso y responsabilidad de todos persigan un fin com\u00fan.<\/span><\/p>\n<p><span style=\"font-weight: 400;\">La familia tiene un papel muy importante en la coeducaci\u00f3n, ya que es all\u00ed donde los ni\u00f1os y ni\u00f1as se empiezan a educar, les ense\u00f1an sobre valores y empiezan a definir su personalidad.\u00a0 Esto que aprenden los ni\u00f1os en casa, lo pondr\u00e1n en pr\u00e1ctica en otros ambientes y con personas diferentes a la familia.<\/span><\/p>\n<p><img fetchpriority=\"high\" decoding=\"async\" class=\"aligncenter wp-image-27639 size-full\" src=\"https:\/\/naranjocapacitaciones.co\/laufamiliar\/jhkl\/wp-content\/uploads\/2022\/08\/students-knowing-the-right-answer.jpg\" alt=\"\" width=\"1079\" height=\"720\" srcset=\"https:\/\/laufamiliar.com\/portal\/wp-content\/uploads\/2022\/08\/students-knowing-the-right-answer.jpg 1079w, https:\/\/laufamiliar.com\/portal\/wp-content\/uploads\/2022\/08\/students-knowing-the-right-answer-300x200.jpg 300w, https:\/\/laufamiliar.com\/portal\/wp-content\/uploads\/2022\/08\/students-knowing-the-right-answer-1024x683.jpg 1024w, https:\/\/laufamiliar.com\/portal\/wp-content\/uploads\/2022\/08\/students-knowing-the-right-answer-768x512.jpg 768w, https:\/\/laufamiliar.com\/portal\/wp-content\/uploads\/2022\/08\/students-knowing-the-right-answer-365x243.jpg 365w, https:\/\/laufamiliar.com\/portal\/wp-content\/uploads\/2022\/08\/students-knowing-the-right-answer-600x400.jpg 600w\" sizes=\"(max-width: 1079px) 100vw, 1079px\" \/><\/p>\n<p><span style=\"font-weight: 400;\">Palacio, V\u00e9lez y M\u00fanera plantean que se deben preparar las familias actuales para asegurar la superioridad de la sociedad en un futuro, entonces los padres deber\u00e1n enfrentar la educaci\u00f3n de sus hijos con valores aut\u00e9nticos y a los hijos para que sean los padres del futuro. Trabajando en equipo con la familia, en el colegio se pueden conseguir o complementar esas virtudes, valores o principios de los alumnos, con ayuda de los profesores, que deben ser personas con un amplio bagaje cultural, vocaci\u00f3n, amor por la infancia y particularmente con fuertes bases en el tema de igualdad de g\u00e9nero.<\/span><\/p>\n<p><span style=\"font-weight: 400;\">Tanto en el colegio, como en casa se deben corregir y eliminar todo tipo de conductas discriminatorias o sexistas, en los ni\u00f1os, adultos o profesores, adem\u00e1s abrir espacios para hablar sobre g\u00e9nero, <\/span><span style=\"font-weight: 400;\">prevenci\u00f3n<\/span><span style=\"font-weight: 400;\"> de violencia de g\u00e9nero, sobre la resoluci\u00f3n de <\/span><span style=\"font-weight: 400;\">conflictos<\/span><span style=\"font-weight: 400;\"> a trav\u00e9s de la no violencia y <\/span><span style=\"font-weight: 400;\">la paz<\/span><span style=\"font-weight: 400;\">, sensibilizar sobre la importancia de la equidad social e incentivarla con acciones de d\u00eda a d\u00eda.<\/span><\/p>\n<p>Fuente:<\/p>\n<p><span style=\"font-weight: 400;\">Blanco, N. Coeducar es educar para la libertad. En Consejer\u00eda de Educaci\u00f3n. Andaluc\u00eda educativa, 64. Sevilla: Junta de Andaluc\u00eda<\/span><\/p>\n<p><span style=\"font-weight: 400;\">Gonzalez, M. (2022). Coeducaci\u00f3n, escuela y\u00a0 familia. Universidad de Ja\u00e9n. Did\u00e1ctica de las Ciencias.\u00a0<\/span><\/p>\n<p><span style=\"font-weight: 400;\">Palacio, P. A. S., &amp; M\u00fanera, M. V. (2018). El papel de la familia en el desarrollo social del ni\u00f1o: una mirada desde la afectividad, la comunicaci\u00f3n familiar y estilos de educaci\u00f3n parental.<\/span><\/p>\n<p>Bowlby,\u00a0\u00a0\u00a0 J.\u00a0\u00a0\u00a0 (1979). The\u00a0\u00a0\u00a0 making\u00a0\u00a0\u00a0 and\u00a0\u00a0\u00a0 breaking\u00a0\u00a0\u00a0 of affection bonds. London: Tavistock.<\/p>\n<p>Fonagy,\u00a0 P.\u00a0 (2004). Teor\u00eda\u00a0 del\u00a0 apego\u00a0 y\u00a0 psicoan\u00e1lisis. Barcelona: Espaxs.<\/p>\n<p>Scharf, M. &amp; Mayseless, O. (2007). Putting eggs in more than one basket: A new look at developmental processes of attachment in adolescence.<\/p>\n<p>Simpson, J. A. (1999). Attachment theory in modern evolutionary perspective.<\/p>","protected":false},"excerpt":{"rendered":"<p>Antes que nada, es importante conocer qu\u00e9 significa educaci\u00f3n, Mar\u00eda Gonz\u00e1lez la define como un proceso en el que transmitimos costumbres, h\u00e1bitos, conocimientos y valores. En este sentido se educa en un aprendizaje para vivir, por tanto, contribuye al desarrollo de habilidades morales e intelectuales del ser humano para que pueda integrarse y vivir mejor&#8230;<\/p>\n","protected":false},"author":1,"featured_media":27640,"comment_status":"open","ping_status":"open","sticky":false,"template":"","format":"standard","meta":{"footnotes":""},"categories":[75],"tags":[74,68],"class_list":["post-27638","post","type-post","status-publish","format-standard","has-post-thumbnail","hentry","category-educacion","tag-desarrollo-integral","tag-educacion"],"_links":{"self":[{"href":"https:\/\/laufamiliar.com\/portal\/wp-json\/wp\/v2\/posts\/27638","targetHints":{"allow":["GET"]}}],"collection":[{"href":"https:\/\/laufamiliar.com\/portal\/wp-json\/wp\/v2\/posts"}],"about":[{"href":"https:\/\/laufamiliar.com\/portal\/wp-json\/wp\/v2\/types\/post"}],"author":[{"embeddable":true,"href":"https:\/\/laufamiliar.com\/portal\/wp-json\/wp\/v2\/users\/1"}],"replies":[{"embeddable":true,"href":"https:\/\/laufamiliar.com\/portal\/wp-json\/wp\/v2\/comments?post=27638"}],"version-history":[{"count":1,"href":"https:\/\/laufamiliar.com\/portal\/wp-json\/wp\/v2\/posts\/27638\/revisions"}],"predecessor-version":[{"id":27641,"href":"https:\/\/laufamiliar.com\/portal\/wp-json\/wp\/v2\/posts\/27638\/revisions\/27641"}],"wp:featuredmedia":[{"embeddable":true,"href":"https:\/\/laufamiliar.com\/portal\/wp-json\/wp\/v2\/media\/27640"}],"wp:attachment":[{"href":"https:\/\/laufamiliar.com\/portal\/wp-json\/wp\/v2\/media?parent=27638"}],"wp:term":[{"taxonomy":"category","embeddable":true,"href":"https:\/\/laufamiliar.com\/portal\/wp-json\/wp\/v2\/categories?post=27638"},{"taxonomy":"post_tag","embeddable":true,"href":"https:\/\/laufamiliar.com\/portal\/wp-json\/wp\/v2\/tags?post=27638"}],"curies":[{"name":"wp","href":"https:\/\/api.w.org\/{rel}","templated":true}]}}